{"id":392,"date":"2023-11-17T14:02:46","date_gmt":"2023-11-17T13:02:46","guid":{"rendered":"https:\/\/cercargo.eu\/uncategorized-hu\/the-gold-level-sponsor-of-the-hungrail-hungarian-railway-conference-2023-was-cer-hungary-zrt\/"},"modified":"2023-11-17T14:03:47","modified_gmt":"2023-11-17T13:03:47","slug":"a-hungrail-magyar-vasut-konferencia-2023-arany-fokozatu-tamogatoja-a-cer-hungary-zrt-volt","status":"publish","type":"post","link":"https:\/\/cercargo.eu\/hu\/uncategorized-hu\/a-hungrail-magyar-vasut-konferencia-2023-arany-fokozatu-tamogatoja-a-cer-hungary-zrt-volt\/","title":{"rendered":"A Hungrail Magyar Vas\u00fat konferencia 2023 arany fokozat\u00fa t\u00e1mogat\u00f3ja a CER Hungary Zrt. volt"},"content":{"rendered":"\n<p>A Hungrail szervez\u00e9s\u00e9ben minden \u00e9vben megrendez\u00e9sre ker\u00fcl ez az esem\u00e9ny, ahol a vas\u00fathoz, vas\u00fati \u00e1rufuvaroz\u00e1shoz kapcsol\u00f3d\u00f3 v\u00e1llalatok, vezet\u0151k, d\u00f6nt\u00e9shoz\u00f3k vesznek r\u00e9szt, tartanak el\u0151ad\u00e1st. Minden konferencia t\u00e9m\u00e1i kapcsol\u00f3dnak az adott id\u0151szak\/\u00e9v aktu\u00e1lis t\u00e9m\u00e1ihoz. Id\u00e9n IV szekci\u00f3ra osztott\u00e1k a szervez\u0151k a konferenci\u00e1t. Arany fokozat\u00fa partnerk\u00e9nt Horv\u00e1th Ott\u00f3, CER Hungary Zrt. vez\u00e9rigazgat\u00f3ja a III. szekci\u00f3ban mondhatta el k\u00f6sz\u00f6nt\u0151 besz\u00e9d\u00e9t, melynek t\u00e9m\u00e1ja a 30% -2030 volt.<\/p>\n\n\n\n<p>\u201eA kl\u00edmav\u00e9delemre f\u00f3kusz\u00e1lni, az energia- \u00e9s k\u00f6zleked\u00e9si v\u00e1ls\u00e1gokkal megbirk\u00f3zni, az infrastrukt\u00far\u00e1t meger\u0151s\u00edteni, \u00e9s a m\u00f3dv\u00e1lt\u00e1s el\u0151ret\u00f6r\u00e9s\u00e9t el\u0151seg\u00edteni a vas\u00fati \u00e1rufuvaroz\u00e1s ter\u00fclet\u00e9n. Mindezzel egy\u00fctt kell megk\u00fczdenie a v\u00e1llalkoz\u00f3 vas\u00fati t\u00e1rsas\u00e1goknak, p\u00e1lyah\u00e1l\u00f3zat m\u0171k\u00f6dtet\u0151knek, fuvaroztat\u00f3knak \u00e9s a k\u00f6zleked\u00e9s\u00e9rt felel\u0151s d\u00f6nt\u00e9shoz\u00f3knak. A szekci\u00f3 c\u00e9lja, hogy kiemelten bemutassa, a fenti kih\u00edv\u00e1sok kezel\u00e9s\u00e9ben milyen szerepet tud bet\u00f6lteni a vas\u00fati egyes kocsi fuvaroz\u00e1s \u00e9s milyen hat\u00e1st gyakorol az eg\u00e9sz szektor m\u0171k\u00f6d\u00e9s\u00e9re a m\u00e1r m\u0171k\u00f6d\u0151 egyes kocsi fuvaroz\u00e1s meger\u0151s\u00edt\u00e9s\u00e9t c\u00e9lz\u00f3 t\u00e1mogat\u00e1si rendszer, valamint a hamarosan \u00e9letbe l\u00e9p\u0151 h\u00e1l\u00f3zat-hozz\u00e1f\u00e9r\u00e9si d\u00edj fel\u00e1r elenged\u00e9se.\u201d- Hungrail<\/p>\n\n\n\n<p>\u201eNem sz\u00e1mtalan, hanem sz\u00e1mos gondolatom van, igazodva a szekci\u00f3 c\u00edm\u00e9hez. Mindenki tudja, hogy 100 forintnak 50 a fele \u00e9s hogy 15+15 az 30, de senki nem tudja, hogy a 30 2030-ban 30 lesz-e. Magyarorsz\u00e1g nem \u00e1ll rosszul e c\u00e9l\u00e9rt\u00e9k el\u00e9rhet\u0151s\u00e9ge szempontj\u00e1b\u00f3l, azonban tov\u00e1bbi orsz\u00e1gok vas\u00fati \u00e1rufuvaroz\u00e1s\u00e1nak fejl\u0151d\u00e9s\u00e9re is sz\u00fcks\u00e9g van, mivel a magyar vas\u00fati \u00e1rufuvaroz\u00e1s mintegy 80%-a nemzetk\u00f6zi, teh\u00e1t \u00e1tmegy\/\u00e1tj\u00f6n a orsz\u00e1ghat\u00e1ron. A piaci szerepl\u0151k \u00f6nmagukban nem k\u00e9pesek el\u00e9rni a 30%-ot, ahhoz megfelel\u0151 hat\u00e1s\u00fa piaci szab\u00e1lyoz\u00e1sok is sz\u00fcks\u00e9gesek. Vas\u00faton b\u00e1mulatosan halad az ember, \u00edrta a k\u00f6lt\u0151 \u00e9s nem okoz gondot meg\u00e9rteni, mire gondolt. Biztos vagyok abban, hogy ha a vas\u00fati \u00e1rufuvaroz\u00e1sban \u00e9rintett p\u00e1lyah\u00e1l\u00f3zat-m\u0171k\u00f6dtet\u0151k, fuvaroz\u00f3k \u00e9s fuvaroztat\u00f3k ugyan\u00fagy \u00e9rt\u00e9kelik a vasutat, mint Pet\u0151fi 1847-ben, akkor a 30 h\u00e9t \u00e9v m\u00falva 30 tud lenni. Addig azonban sok a teend\u0151, mert vas\u00faton ma is halad az ember, de nem b\u00e1mulatosan.\u201d \u2013 emelte ki besz\u00e9d\u00e9ben Horv\u00e1th Ott\u00f3.<\/p>\n","protected":false},"excerpt":{"rendered":"<p>A Hungrail szervez\u00e9s\u00e9ben minden \u00e9vben megrendez\u00e9sre ker\u00fcl ez az esem\u00e9ny, ahol a vas\u00fathoz, vas\u00fati \u00e1rufuvaroz\u00e1shoz kapcsol\u00f3d\u00f3 v\u00e1llalatok, vezet\u0151k, d\u00f6nt\u00e9shoz\u00f3k vesznek r\u00e9szt, tartanak el\u0151ad\u00e1st. Minden konferencia t\u00e9m\u00e1i kapcsol\u00f3dnak az adott id\u0151szak\/\u00e9v aktu\u00e1lis t\u00e9m\u00e1ihoz. Id\u00e9n IV szekci\u00f3ra osztott\u00e1k a szervez\u0151k a konferenci\u00e1t. Arany fokozat\u00fa partnerk\u00e9nt Horv\u00e1th Ott\u00f3, CER Hungary Zrt. vez\u00e9rigazgat\u00f3ja a III. szekci\u00f3ban mondhatta el k\u00f6sz\u00f6nt\u0151 [&hellip;]<\/p>\n","protected":false},"author":1,"featured_media":390,"comment_status":"closed","ping_status":"open","sticky":false,"template":"","format":"standard","meta":{"_acf_changed":false,"footnotes":""},"categories":[1],"tags":[],"class_list":["post-392","post","type-post","status-publish","format-standard","has-post-thumbnail","hentry","category-uncategorized-hu"],"acf":[],"yoast_head":"<!-- This site is optimized with the Yoast SEO plugin v26.8 - https:\/\/yoast.com\/product\/yoast-seo-wordpress\/ -->\n<title>A Hungrail Magyar Vas\u00fat konferencia 2023 arany fokozat\u00fa t\u00e1mogat\u00f3ja a CER Hungary Zrt. volt - Cercargo<\/title>\n<meta name=\"robots\" content=\"index, follow, max-snippet:-1, max-image-preview:large, max-video-preview:-1\" \/>\n<link rel=\"canonical\" href=\"https:\/\/cercargo.eu\/hu\/uncategorized-hu\/a-hungrail-magyar-vasut-konferencia-2023-arany-fokozatu-tamogatoja-a-cer-hungary-zrt-volt\/\" \/>\n<meta property=\"og:locale\" content=\"hu_HU\" \/>\n<meta property=\"og:type\" content=\"article\" \/>\n<meta property=\"og:title\" content=\"A Hungrail Magyar Vas\u00fat konferencia 2023 arany fokozat\u00fa t\u00e1mogat\u00f3ja a CER Hungary Zrt. volt - Cercargo\" \/>\n<meta property=\"og:description\" content=\"A Hungrail szervez\u00e9s\u00e9ben minden \u00e9vben megrendez\u00e9sre ker\u00fcl ez az esem\u00e9ny, ahol a vas\u00fathoz, vas\u00fati \u00e1rufuvaroz\u00e1shoz kapcsol\u00f3d\u00f3 v\u00e1llalatok, vezet\u0151k, d\u00f6nt\u00e9shoz\u00f3k vesznek r\u00e9szt, tartanak el\u0151ad\u00e1st. Minden konferencia t\u00e9m\u00e1i kapcsol\u00f3dnak az adott id\u0151szak\/\u00e9v aktu\u00e1lis t\u00e9m\u00e1ihoz. Id\u00e9n IV szekci\u00f3ra osztott\u00e1k a szervez\u0151k a konferenci\u00e1t. Arany fokozat\u00fa partnerk\u00e9nt Horv\u00e1th Ott\u00f3, CER Hungary Zrt. vez\u00e9rigazgat\u00f3ja a III. szekci\u00f3ban mondhatta el k\u00f6sz\u00f6nt\u0151 [&hellip;]\" \/>\n<meta property=\"og:url\" content=\"https:\/\/cercargo.eu\/hu\/uncategorized-hu\/a-hungrail-magyar-vasut-konferencia-2023-arany-fokozatu-tamogatoja-a-cer-hungary-zrt-volt\/\" \/>\n<meta property=\"og:site_name\" content=\"Cercargo\" \/>\n<meta property=\"article:published_time\" content=\"2023-11-17T13:02:46+00:00\" \/>\n<meta property=\"article:modified_time\" content=\"2023-11-17T13:03:47+00:00\" \/>\n<meta property=\"og:image\" content=\"https:\/\/cercargo.eu\/wp-content\/uploads\/2023\/11\/konferencia2023.jpg\" \/>\n\t<meta property=\"og:image:width\" content=\"600\" \/>\n\t<meta property=\"og:image:height\" content=\"399\" \/>\n\t<meta property=\"og:image:type\" content=\"image\/jpeg\" \/>\n<meta name=\"author\" content=\"laszlo.mate\" \/>\n<meta name=\"twitter:card\" content=\"summary_large_image\" \/>\n<meta name=\"twitter:label1\" content=\"Szerz\u0151:\" \/>\n\t<meta name=\"twitter:data1\" content=\"laszlo.mate\" \/>\n\t<meta name=\"twitter:label2\" content=\"Becs\u00fclt olvas\u00e1si id\u0151\" \/>\n\t<meta name=\"twitter:data2\" content=\"2 perc\" \/>\n<script type=\"application\/ld+json\" class=\"yoast-schema-graph\">{\"@context\":\"https:\/\/schema.org\",\"@graph\":[{\"@type\":\"Article\",\"@id\":\"https:\/\/cercargo.eu\/hu\/uncategorized-hu\/a-hungrail-magyar-vasut-konferencia-2023-arany-fokozatu-tamogatoja-a-cer-hungary-zrt-volt\/#article\",\"isPartOf\":{\"@id\":\"https:\/\/cercargo.eu\/hu\/uncategorized-hu\/a-hungrail-magyar-vasut-konferencia-2023-arany-fokozatu-tamogatoja-a-cer-hungary-zrt-volt\/\"},\"author\":{\"name\":\"laszlo.mate\",\"@id\":\"https:\/\/cercargo.eu\/#\/schema\/person\/2096c151e03075edb17c840a16fd93de\"},\"headline\":\"A Hungrail Magyar Vas\u00fat konferencia 2023 arany fokozat\u00fa t\u00e1mogat\u00f3ja a CER Hungary Zrt. volt\",\"datePublished\":\"2023-11-17T13:02:46+00:00\",\"dateModified\":\"2023-11-17T13:03:47+00:00\",\"mainEntityOfPage\":{\"@id\":\"https:\/\/cercargo.eu\/hu\/uncategorized-hu\/a-hungrail-magyar-vasut-konferencia-2023-arany-fokozatu-tamogatoja-a-cer-hungary-zrt-volt\/\"},\"wordCount\":480,\"publisher\":{\"@id\":\"https:\/\/cercargo.eu\/#organization\"},\"image\":{\"@id\":\"https:\/\/cercargo.eu\/hu\/uncategorized-hu\/a-hungrail-magyar-vasut-konferencia-2023-arany-fokozatu-tamogatoja-a-cer-hungary-zrt-volt\/#primaryimage\"},\"thumbnailUrl\":\"https:\/\/cercargo.eu\/wp-content\/uploads\/2023\/11\/konferencia2023.jpg\",\"articleSection\":[\"Uncategorized @hu\"],\"inLanguage\":\"hu\"},{\"@type\":\"WebPage\",\"@id\":\"https:\/\/cercargo.eu\/hu\/uncategorized-hu\/a-hungrail-magyar-vasut-konferencia-2023-arany-fokozatu-tamogatoja-a-cer-hungary-zrt-volt\/\",\"url\":\"https:\/\/cercargo.eu\/hu\/uncategorized-hu\/a-hungrail-magyar-vasut-konferencia-2023-arany-fokozatu-tamogatoja-a-cer-hungary-zrt-volt\/\",\"name\":\"A Hungrail Magyar Vas\u00fat konferencia 2023 arany fokozat\u00fa t\u00e1mogat\u00f3ja a CER Hungary Zrt. volt - Cercargo\",\"isPartOf\":{\"@id\":\"https:\/\/cercargo.eu\/#website\"},\"primaryImageOfPage\":{\"@id\":\"https:\/\/cercargo.eu\/hu\/uncategorized-hu\/a-hungrail-magyar-vasut-konferencia-2023-arany-fokozatu-tamogatoja-a-cer-hungary-zrt-volt\/#primaryimage\"},\"image\":{\"@id\":\"https:\/\/cercargo.eu\/hu\/uncategorized-hu\/a-hungrail-magyar-vasut-konferencia-2023-arany-fokozatu-tamogatoja-a-cer-hungary-zrt-volt\/#primaryimage\"},\"thumbnailUrl\":\"https:\/\/cercargo.eu\/wp-content\/uploads\/2023\/11\/konferencia2023.jpg\",\"datePublished\":\"2023-11-17T13:02:46+00:00\",\"dateModified\":\"2023-11-17T13:03:47+00:00\",\"breadcrumb\":{\"@id\":\"https:\/\/cercargo.eu\/hu\/uncategorized-hu\/a-hungrail-magyar-vasut-konferencia-2023-arany-fokozatu-tamogatoja-a-cer-hungary-zrt-volt\/#breadcrumb\"},\"inLanguage\":\"hu\",\"potentialAction\":[{\"@type\":\"ReadAction\",\"target\":[\"https:\/\/cercargo.eu\/hu\/uncategorized-hu\/a-hungrail-magyar-vasut-konferencia-2023-arany-fokozatu-tamogatoja-a-cer-hungary-zrt-volt\/\"]}]},{\"@type\":\"ImageObject\",\"inLanguage\":\"hu\",\"@id\":\"https:\/\/cercargo.eu\/hu\/uncategorized-hu\/a-hungrail-magyar-vasut-konferencia-2023-arany-fokozatu-tamogatoja-a-cer-hungary-zrt-volt\/#primaryimage\",\"url\":\"https:\/\/cercargo.eu\/wp-content\/uploads\/2023\/11\/konferencia2023.jpg\",\"contentUrl\":\"https:\/\/cercargo.eu\/wp-content\/uploads\/2023\/11\/konferencia2023.jpg\",\"width\":600,\"height\":399},{\"@type\":\"BreadcrumbList\",\"@id\":\"https:\/\/cercargo.eu\/hu\/uncategorized-hu\/a-hungrail-magyar-vasut-konferencia-2023-arany-fokozatu-tamogatoja-a-cer-hungary-zrt-volt\/#breadcrumb\",\"itemListElement\":[{\"@type\":\"ListItem\",\"position\":1,\"name\":\"Home\",\"item\":\"https:\/\/cercargo.eu\/hu\/\"},{\"@type\":\"ListItem\",\"position\":2,\"name\":\"A Hungrail Magyar Vas\u00fat konferencia 2023 arany fokozat\u00fa t\u00e1mogat\u00f3ja a CER Hungary Zrt. volt\"}]},{\"@type\":\"WebSite\",\"@id\":\"https:\/\/cercargo.eu\/#website\",\"url\":\"https:\/\/cercargo.eu\/\",\"name\":\"Cercargo\",\"description\":\"\",\"publisher\":{\"@id\":\"https:\/\/cercargo.eu\/#organization\"},\"potentialAction\":[{\"@type\":\"SearchAction\",\"target\":{\"@type\":\"EntryPoint\",\"urlTemplate\":\"https:\/\/cercargo.eu\/?s={search_term_string}\"},\"query-input\":{\"@type\":\"PropertyValueSpecification\",\"valueRequired\":true,\"valueName\":\"search_term_string\"}}],\"inLanguage\":\"hu\"},{\"@type\":\"Organization\",\"@id\":\"https:\/\/cercargo.eu\/#organization\",\"name\":\"Cercargo - Central European Railways\",\"url\":\"https:\/\/cercargo.eu\/\",\"logo\":{\"@type\":\"ImageObject\",\"inLanguage\":\"hu\",\"@id\":\"https:\/\/cercargo.eu\/#\/schema\/logo\/image\/\",\"url\":\"https:\/\/cercargo.eu\/wp-content\/uploads\/2023\/11\/android-chrome-512x512-1.png\",\"contentUrl\":\"https:\/\/cercargo.eu\/wp-content\/uploads\/2023\/11\/android-chrome-512x512-1.png\",\"width\":512,\"height\":512,\"caption\":\"Cercargo - Central European Railways\"},\"image\":{\"@id\":\"https:\/\/cercargo.eu\/#\/schema\/logo\/image\/\"},\"sameAs\":[\"https:\/\/www.linkedin.com\/company\/cer-cargo\/\"]},{\"@type\":\"Person\",\"@id\":\"https:\/\/cercargo.eu\/#\/schema\/person\/2096c151e03075edb17c840a16fd93de\",\"name\":\"laszlo.mate\",\"image\":{\"@type\":\"ImageObject\",\"inLanguage\":\"hu\",\"@id\":\"https:\/\/cercargo.eu\/#\/schema\/person\/image\/\",\"url\":\"https:\/\/secure.gravatar.com\/avatar\/4d0e024bd79c30c539aa06e99d63caf0bc3a8e429d3ce18acd70dd2c29fb65df?s=96&d=mm&r=g\",\"contentUrl\":\"https:\/\/secure.gravatar.com\/avatar\/4d0e024bd79c30c539aa06e99d63caf0bc3a8e429d3ce18acd70dd2c29fb65df?s=96&d=mm&r=g\",\"caption\":\"laszlo.mate\"},\"sameAs\":[\"http:\/\/cercargo-dev.test\"],\"url\":\"https:\/\/cercargo.eu\/hu\/author\/laszlo-mate\/\"}]}<\/script>\n<!-- \/ Yoast SEO plugin. -->","yoast_head_json":{"title":"A Hungrail Magyar Vas\u00fat konferencia 2023 arany fokozat\u00fa t\u00e1mogat\u00f3ja a CER Hungary Zrt. volt - Cercargo","robots":{"index":"index","follow":"follow","max-snippet":"max-snippet:-1","max-image-preview":"max-image-preview:large","max-video-preview":"max-video-preview:-1"},"canonical":"https:\/\/cercargo.eu\/hu\/uncategorized-hu\/a-hungrail-magyar-vasut-konferencia-2023-arany-fokozatu-tamogatoja-a-cer-hungary-zrt-volt\/","og_locale":"hu_HU","og_type":"article","og_title":"A Hungrail Magyar Vas\u00fat konferencia 2023 arany fokozat\u00fa t\u00e1mogat\u00f3ja a CER Hungary Zrt. volt - Cercargo","og_description":"A Hungrail szervez\u00e9s\u00e9ben minden \u00e9vben megrendez\u00e9sre ker\u00fcl ez az esem\u00e9ny, ahol a vas\u00fathoz, vas\u00fati \u00e1rufuvaroz\u00e1shoz kapcsol\u00f3d\u00f3 v\u00e1llalatok, vezet\u0151k, d\u00f6nt\u00e9shoz\u00f3k vesznek r\u00e9szt, tartanak el\u0151ad\u00e1st. Minden konferencia t\u00e9m\u00e1i kapcsol\u00f3dnak az adott id\u0151szak\/\u00e9v aktu\u00e1lis t\u00e9m\u00e1ihoz. Id\u00e9n IV szekci\u00f3ra osztott\u00e1k a szervez\u0151k a konferenci\u00e1t. Arany fokozat\u00fa partnerk\u00e9nt Horv\u00e1th Ott\u00f3, CER Hungary Zrt. vez\u00e9rigazgat\u00f3ja a III. szekci\u00f3ban mondhatta el k\u00f6sz\u00f6nt\u0151 [&hellip;]","og_url":"https:\/\/cercargo.eu\/hu\/uncategorized-hu\/a-hungrail-magyar-vasut-konferencia-2023-arany-fokozatu-tamogatoja-a-cer-hungary-zrt-volt\/","og_site_name":"Cercargo","article_published_time":"2023-11-17T13:02:46+00:00","article_modified_time":"2023-11-17T13:03:47+00:00","og_image":[{"width":600,"height":399,"url":"https:\/\/cercargo.eu\/wp-content\/uploads\/2023\/11\/konferencia2023.jpg","type":"image\/jpeg"}],"author":"laszlo.mate","twitter_card":"summary_large_image","twitter_misc":{"Szerz\u0151:":"laszlo.mate","Becs\u00fclt olvas\u00e1si id\u0151":"2 perc"},"schema":{"@context":"https:\/\/schema.org","@graph":[{"@type":"Article","@id":"https:\/\/cercargo.eu\/hu\/uncategorized-hu\/a-hungrail-magyar-vasut-konferencia-2023-arany-fokozatu-tamogatoja-a-cer-hungary-zrt-volt\/#article","isPartOf":{"@id":"https:\/\/cercargo.eu\/hu\/uncategorized-hu\/a-hungrail-magyar-vasut-konferencia-2023-arany-fokozatu-tamogatoja-a-cer-hungary-zrt-volt\/"},"author":{"name":"laszlo.mate","@id":"https:\/\/cercargo.eu\/#\/schema\/person\/2096c151e03075edb17c840a16fd93de"},"headline":"A Hungrail Magyar Vas\u00fat konferencia 2023 arany fokozat\u00fa t\u00e1mogat\u00f3ja a CER Hungary Zrt. volt","datePublished":"2023-11-17T13:02:46+00:00","dateModified":"2023-11-17T13:03:47+00:00","mainEntityOfPage":{"@id":"https:\/\/cercargo.eu\/hu\/uncategorized-hu\/a-hungrail-magyar-vasut-konferencia-2023-arany-fokozatu-tamogatoja-a-cer-hungary-zrt-volt\/"},"wordCount":480,"publisher":{"@id":"https:\/\/cercargo.eu\/#organization"},"image":{"@id":"https:\/\/cercargo.eu\/hu\/uncategorized-hu\/a-hungrail-magyar-vasut-konferencia-2023-arany-fokozatu-tamogatoja-a-cer-hungary-zrt-volt\/#primaryimage"},"thumbnailUrl":"https:\/\/cercargo.eu\/wp-content\/uploads\/2023\/11\/konferencia2023.jpg","articleSection":["Uncategorized @hu"],"inLanguage":"hu"},{"@type":"WebPage","@id":"https:\/\/cercargo.eu\/hu\/uncategorized-hu\/a-hungrail-magyar-vasut-konferencia-2023-arany-fokozatu-tamogatoja-a-cer-hungary-zrt-volt\/","url":"https:\/\/cercargo.eu\/hu\/uncategorized-hu\/a-hungrail-magyar-vasut-konferencia-2023-arany-fokozatu-tamogatoja-a-cer-hungary-zrt-volt\/","name":"A Hungrail Magyar Vas\u00fat konferencia 2023 arany fokozat\u00fa t\u00e1mogat\u00f3ja a CER Hungary Zrt. volt - Cercargo","isPartOf":{"@id":"https:\/\/cercargo.eu\/#website"},"primaryImageOfPage":{"@id":"https:\/\/cercargo.eu\/hu\/uncategorized-hu\/a-hungrail-magyar-vasut-konferencia-2023-arany-fokozatu-tamogatoja-a-cer-hungary-zrt-volt\/#primaryimage"},"image":{"@id":"https:\/\/cercargo.eu\/hu\/uncategorized-hu\/a-hungrail-magyar-vasut-konferencia-2023-arany-fokozatu-tamogatoja-a-cer-hungary-zrt-volt\/#primaryimage"},"thumbnailUrl":"https:\/\/cercargo.eu\/wp-content\/uploads\/2023\/11\/konferencia2023.jpg","datePublished":"2023-11-17T13:02:46+00:00","dateModified":"2023-11-17T13:03:47+00:00","breadcrumb":{"@id":"https:\/\/cercargo.eu\/hu\/uncategorized-hu\/a-hungrail-magyar-vasut-konferencia-2023-arany-fokozatu-tamogatoja-a-cer-hungary-zrt-volt\/#breadcrumb"},"inLanguage":"hu","potentialAction":[{"@type":"ReadAction","target":["https:\/\/cercargo.eu\/hu\/uncategorized-hu\/a-hungrail-magyar-vasut-konferencia-2023-arany-fokozatu-tamogatoja-a-cer-hungary-zrt-volt\/"]}]},{"@type":"ImageObject","inLanguage":"hu","@id":"https:\/\/cercargo.eu\/hu\/uncategorized-hu\/a-hungrail-magyar-vasut-konferencia-2023-arany-fokozatu-tamogatoja-a-cer-hungary-zrt-volt\/#primaryimage","url":"https:\/\/cercargo.eu\/wp-content\/uploads\/2023\/11\/konferencia2023.jpg","contentUrl":"https:\/\/cercargo.eu\/wp-content\/uploads\/2023\/11\/konferencia2023.jpg","width":600,"height":399},{"@type":"BreadcrumbList","@id":"https:\/\/cercargo.eu\/hu\/uncategorized-hu\/a-hungrail-magyar-vasut-konferencia-2023-arany-fokozatu-tamogatoja-a-cer-hungary-zrt-volt\/#breadcrumb","itemListElement":[{"@type":"ListItem","position":1,"name":"Home","item":"https:\/\/cercargo.eu\/hu\/"},{"@type":"ListItem","position":2,"name":"A Hungrail Magyar Vas\u00fat konferencia 2023 arany fokozat\u00fa t\u00e1mogat\u00f3ja a CER Hungary Zrt. volt"}]},{"@type":"WebSite","@id":"https:\/\/cercargo.eu\/#website","url":"https:\/\/cercargo.eu\/","name":"Cercargo","description":"","publisher":{"@id":"https:\/\/cercargo.eu\/#organization"},"potentialAction":[{"@type":"SearchAction","target":{"@type":"EntryPoint","urlTemplate":"https:\/\/cercargo.eu\/?s={search_term_string}"},"query-input":{"@type":"PropertyValueSpecification","valueRequired":true,"valueName":"search_term_string"}}],"inLanguage":"hu"},{"@type":"Organization","@id":"https:\/\/cercargo.eu\/#organization","name":"Cercargo - Central European Railways","url":"https:\/\/cercargo.eu\/","logo":{"@type":"ImageObject","inLanguage":"hu","@id":"https:\/\/cercargo.eu\/#\/schema\/logo\/image\/","url":"https:\/\/cercargo.eu\/wp-content\/uploads\/2023\/11\/android-chrome-512x512-1.png","contentUrl":"https:\/\/cercargo.eu\/wp-content\/uploads\/2023\/11\/android-chrome-512x512-1.png","width":512,"height":512,"caption":"Cercargo - Central European Railways"},"image":{"@id":"https:\/\/cercargo.eu\/#\/schema\/logo\/image\/"},"sameAs":["https:\/\/www.linkedin.com\/company\/cer-cargo\/"]},{"@type":"Person","@id":"https:\/\/cercargo.eu\/#\/schema\/person\/2096c151e03075edb17c840a16fd93de","name":"laszlo.mate","image":{"@type":"ImageObject","inLanguage":"hu","@id":"https:\/\/cercargo.eu\/#\/schema\/person\/image\/","url":"https:\/\/secure.gravatar.com\/avatar\/4d0e024bd79c30c539aa06e99d63caf0bc3a8e429d3ce18acd70dd2c29fb65df?s=96&d=mm&r=g","contentUrl":"https:\/\/secure.gravatar.com\/avatar\/4d0e024bd79c30c539aa06e99d63caf0bc3a8e429d3ce18acd70dd2c29fb65df?s=96&d=mm&r=g","caption":"laszlo.mate"},"sameAs":["http:\/\/cercargo-dev.test"],"url":"https:\/\/cercargo.eu\/hu\/author\/laszlo-mate\/"}]}},"_links":{"self":[{"href":"https:\/\/cercargo.eu\/hu\/wp-json\/wp\/v2\/posts\/392","targetHints":{"allow":["GET"]}}],"collection":[{"href":"https:\/\/cercargo.eu\/hu\/wp-json\/wp\/v2\/posts"}],"about":[{"href":"https:\/\/cercargo.eu\/hu\/wp-json\/wp\/v2\/types\/post"}],"author":[{"embeddable":true,"href":"https:\/\/cercargo.eu\/hu\/wp-json\/wp\/v2\/users\/1"}],"replies":[{"embeddable":true,"href":"https:\/\/cercargo.eu\/hu\/wp-json\/wp\/v2\/comments?post=392"}],"version-history":[{"count":1,"href":"https:\/\/cercargo.eu\/hu\/wp-json\/wp\/v2\/posts\/392\/revisions"}],"predecessor-version":[{"id":393,"href":"https:\/\/cercargo.eu\/hu\/wp-json\/wp\/v2\/posts\/392\/revisions\/393"}],"wp:featuredmedia":[{"embeddable":true,"href":"https:\/\/cercargo.eu\/hu\/wp-json\/wp\/v2\/media\/390"}],"wp:attachment":[{"href":"https:\/\/cercargo.eu\/hu\/wp-json\/wp\/v2\/media?parent=392"}],"wp:term":[{"taxonomy":"category","embeddable":true,"href":"https:\/\/cercargo.eu\/hu\/wp-json\/wp\/v2\/categories?post=392"},{"taxonomy":"post_tag","embeddable":true,"href":"https:\/\/cercargo.eu\/hu\/wp-json\/wp\/v2\/tags?post=392"}],"curies":[{"name":"wp","href":"https:\/\/api.w.org\/{rel}","templated":true}]}}